{"id":339,"date":"2010-10-01T10:37:02","date_gmt":"2010-10-01T08:37:02","guid":{"rendered":"http:\/\/192.168.123.5\/wordpress\/?p=339"},"modified":"2018-06-28T15:40:08","modified_gmt":"2018-06-28T13:40:08","slug":"concurs-modernizare-zonei-centrale-a-municipiului-campina","status":"publish","type":"post","link":"https:\/\/www.headmade.ro\/index.php\/ro\/concurs-modernizare-zonei-centrale-a-municipiului-campina\/","title":{"rendered":"Concurs pentru modernizarea zonei centrale a municipiului C\u00e2mpina"},"content":{"rendered":"<p>Head Made Architecture a ob\u021binut Premiul III la concursul de solu\u021bii pentru modernizarea \u0219i reabilitarea zonei centrale a municipiului C\u00e2mpina. Concursul a fost organizat de c\u0103tre Prim\u0103ria Municipiului C\u00e2mpina \u00eempreuna cu Ordinul Arhitec\u021bilor din Rom\u00e2nia.<\/p>\n<p>Conceptul general al solu\u021biei se bazeaz\u0103 pe dorin\u021ba de a crea un SPA\u021aIU URBAN CONTEMPORAN \u00een care s\u0103 transpar\u0103 VALORILE TRECUTULUI. <\/p>\n<p>Delimit\u0103rile vechilor parcele \u0219i cl\u0103dirile de odinioar\u0103 sunt readuse la lumin\u0103 prin intermediul pavimentului, exact pe traseul vechii Str\u0103zi Principale, prin preluarea ridic\u0103rilor topografice \u0219i interpretarea fotografiilor de arhiv\u0103. Oricine traverseaz\u0103 zona va putea s\u0103 \u00een\u021beleag\u0103 \u0219i s\u0103 recreeze dimensiunea vechiului centru. Astfel, promenada Str\u0103zii Vechi, cum am denumit-o, va aduce \u00een prezent memoria Str\u0103zii Principale, \u201ca caselor de odinioar\u0103\u201d \u0219i a plimb\u0103rilor agale de Duminic\u0103. Mai mult, piatra comemorativ\u0103 din dreptul Po\u0219tei \u00ee\u0219i va g\u0103si acum sensul deplin prin identificarea exact\u0103 a locului construc\u021biei, de care aminte\u0219te \u00eenfloritorul trecut comercial al ora\u0219ului, trecut comercial care se dore\u0219te acum re\u00eenviat prin crearea PIE\u021aEI NEGUSTORI &#8211; loc care sa dea prilejul organiz\u0103rii de t\u00e2rguri de produse \u0219i me\u0219te\u0219uguri locale, a t\u00e2rgului de Cr\u0103ciun sau a altor evenimente.<\/p>\n<p>SPA\u021aIUL URBAN CONTEMPORAN  propus este  structurat ca o strad\u0103 central\u0103 &#8211; pietonalul Carol I &#8211; care leag\u0103  trei spatii urbane  importante,  a\u0219ezate \u00eentr-un crescendo de scara urbana: pia\u021beta \u201cLA F\u00c2NT\u00c2NA\u201d din dreptul str\u0103zii Mihail Kog\u0103lniceanu, PIA\u021aA BRADULUI  \u0219i ARENA URBAN\u0102, punctul culminant al pietonalului. Astfel, ARENA este g\u00e2ndit\u0103 ca un spa\u021biu public multifunc\u021bional: spa\u021biu de odihn\u0103 informal, loc de joac\u0103 pentru copii, loc de \u00eent\u00e2lnire pentru tineri, loc de repaos pentru v\u00e2rstnici. ARENA va putea g\u0103zdui scena pentru spectacole, concerte \u0219i evenimente, va putea fi platform\u0103 pentru festivaluri, iar pe timp de iarn\u0103 zona central\u0103 este conceput\u0103 pentru a fi folosit\u0103 ca PATINOAR. Pozi\u021bionat\u0103 \u00een zona cea mai \u00eenalt\u0103 a pietonalului, oferind o vedere asupra \u00eentregului centru amenajat,  ARENA URBANA va dialoga cu doua zone dedicate figurilor marcante ale lui Nicolae Grigorescu \u0219i Bogdan Petriceicu Ha\u0219deu, fiecare dintre ei cu un spa\u021biu amenajat adiacent Bulevardului Culturii. <\/p>\n<p>PIA\u021aA BRADULUI are ca element special un mic amfiteatru pentru scurte spectacole urbane \u0219i este locul dedicat serb\u0103rilor de Cr\u0103ciun \u0219i, evident, locul BRADULUI \u2013 un foarte frumos exemplar existent, care va fi \u00eempodobit an de an.<\/p>\n","protected":false},"excerpt":{"rendered":"<p>Head Made Architecture a ob\u021binut Premiul III la concursul de &hellip;<\/p>\n","protected":false},"author":1,"featured_media":1317,"comment_status":"closed","ping_status":"closed","sticky":false,"template":"","format":"gallery","meta":[],"categories":[21,9,165,13],"tags":[89,83],"_links":{"self":[{"href":"https:\/\/www.headmade.ro\/index.php\/wp-json\/wp\/v2\/posts\/339"}],"collection":[{"href":"https:\/\/www.headmade.ro\/index.php\/wp-json\/wp\/v2\/posts"}],"about":[{"href":"https:\/\/www.headmade.ro\/index.php\/wp-json\/wp\/v2\/types\/post"}],"author":[{"embeddable":true,"href":"https:\/\/www.headmade.ro\/index.php\/wp-json\/wp\/v2\/users\/1"}],"replies":[{"embeddable":true,"href":"https:\/\/www.headmade.ro\/index.php\/wp-json\/wp\/v2\/comments?post=339"}],"version-history":[{"count":3,"href":"https:\/\/www.headmade.ro\/index.php\/wp-json\/wp\/v2\/posts\/339\/revisions"}],"predecessor-version":[{"id":1794,"href":"https:\/\/www.headmade.ro\/index.php\/wp-json\/wp\/v2\/posts\/339\/revisions\/1794"}],"wp:featuredmedia":[{"embeddable":true,"href":"https:\/\/www.headmade.ro\/index.php\/wp-json\/wp\/v2\/media\/1317"}],"wp:attachment":[{"href":"https:\/\/www.headmade.ro\/index.php\/wp-json\/wp\/v2\/media?parent=339"}],"wp:term":[{"taxonomy":"category","embeddable":true,"href":"https:\/\/www.headmade.ro\/index.php\/wp-json\/wp\/v2\/categories?post=339"},{"taxonomy":"post_tag","embeddable":true,"href":"https:\/\/www.headmade.ro\/index.php\/wp-json\/wp\/v2\/tags?post=339"}],"curies":[{"name":"wp","href":"https:\/\/api.w.org\/{rel}","templated":true}]}}